[{"id":2218,"date":"2022-07-24T20:12:00","date_gmt":"2022-07-24T18:12:00","guid":{"rendered":"https:\/\/stanislavblaha.cz\/?p=2218"},"modified":"2023-04-05T09:26:00","modified_gmt":"2023-04-05T07:26:00","slug":"opravdu-je-sikma","status":"publish","type":"post","link":"https:\/\/stanislavblaha.cz\/2022\/07\/24\/opravdu-je-sikma\/","title":{"rendered":"Opravdu je \u0161ikm\u00e1!"},"content":{"rendered":"\n<p>Potvrzuju: je skute\u010dn\u011b \u0161ikm\u00e1. Podle pr\u016fvodc\u016f p\u0159esn\u011b o 3,97 stupn\u011b. <img decoding=\"async\" loading=\"lazy\" width=\"16\" height=\"16\" src=\"https:\/\/lh5.googleusercontent.com\/x1tYZRpugRuqpJlSDEgPj2YHOQ-Gho3N1WUb2wRV-ZLbsiXO-QIzppiA8Dy_WQakaX1yx6hvOODO0KWIYOik7SS-78pXGMK7_HQKuJOFofHAxBai06-uyPjEavo4buJVNw6WvdY_\" alt=\"\ud83d\ude0a\"><\/p>\n\n\n\n<p>Po p\u00e1r kr\u00e1sn\u00fdch dnech v severn\u00ed It\u00e1lii s rodinou zase odpo\u010dat\u00fd, s \u010distou hlavou a z\u00edtra zp\u00e1tky do pr\u00e1ce!<\/p>\n\n\n\n<figure class=\"is-layout-flex wp-block-gallery-1 wp-block-gallery has-nested-images columns-default is-cropped\">\n<figure class=\"wp-block-image size-large\"><img decoding=\"async\" loading=\"lazy\" width=\"1024\" height=\"768\" data-id=\"2354\"  src=\"https:\/\/stanislavblaha.cz\/wp-content\/uploads\/2023\/03\/Pisa3-1024x768.jpeg\" alt=\"\" class=\"wp-image-2354\" srcset=\"https:\/\/stanislavblaha.cz\/wp-content\/uploads\/2023\/03\/Pisa3-1024x768.jpeg 1024w, https:\/\/stanislavblaha.cz\/wp-content\/uploads\/2023\/03\/Pisa3-300x225.jpeg 300w, https:\/\/stanislavblaha.cz\/wp-content\/uploads\/2023\/03\/Pisa3-768x576.jpeg 768w, https:\/\/stanislavblaha.cz\/wp-content\/uploads\/2023\/03\/Pisa3-1536x1152.jpeg 1536w, https:\/\/stanislavblaha.cz\/wp-content\/uploads\/2023\/03\/Pisa3.jpeg 2048w\" sizes=\"(max-width: 1024px) 100vw, 1024px\" \/><\/figure>\n\n\n\n<figure class=\"wp-block-image size-large\"><img decoding=\"async\" loading=\"lazy\" width=\"1024\" height=\"768\" data-id=\"2355\"  src=\"https:\/\/stanislavblaha.cz\/wp-content\/uploads\/2023\/03\/Pisa4-1024x768.jpeg\" alt=\"\" class=\"wp-image-2355\" srcset=\"https:\/\/stanislavblaha.cz\/wp-content\/uploads\/2023\/03\/Pisa4-1024x768.jpeg 1024w, https:\/\/stanislavblaha.cz\/wp-content\/uploads\/2023\/03\/Pisa4-300x225.jpeg 300w, https:\/\/stanislavblaha.cz\/wp-content\/uploads\/2023\/03\/Pisa4-768x576.jpeg 768w, https:\/\/stanislavblaha.cz\/wp-content\/uploads\/2023\/03\/Pisa4-1536x1152.jpeg 1536w, https:\/\/stanislavblaha.cz\/wp-content\/uploads\/2023\/03\/Pisa4.jpeg 2048w\" sizes=\"(max-width: 1024px) 100vw, 1024px\" \/><\/figure>\n\n\n\n<figure class=\"wp-block-image size-large\"><img decoding=\"async\" loading=\"lazy\" width=\"1024\" height=\"768\" data-id=\"2356\"  src=\"https:\/\/stanislavblaha.cz\/wp-content\/uploads\/2023\/03\/Pisa5-1024x768.jpeg\" alt=\"\" class=\"wp-image-2356\" srcset=\"https:\/\/stanislavblaha.cz\/wp-content\/uploads\/2023\/03\/Pisa5-1024x768.jpeg 1024w, https:\/\/stanislavblaha.cz\/wp-content\/uploads\/2023\/03\/Pisa5-300x225.jpeg 300w, https:\/\/stanislavblaha.cz\/wp-content\/uploads\/2023\/03\/Pisa5-768x576.jpeg 768w, https:\/\/stanislavblaha.cz\/wp-content\/uploads\/2023\/03\/Pisa5-1536x1152.jpeg 1536w, https:\/\/stanislavblaha.cz\/wp-content\/uploads\/2023\/03\/Pisa5.jpeg 2048w\" sizes=\"(max-width: 1024px) 100vw, 1024px\" \/><\/figure>\n\n\n\n<figure class=\"wp-block-image size-large\"><img decoding=\"async\" loading=\"lazy\" width=\"1024\" height=\"768\" data-id=\"2353\"  src=\"https:\/\/stanislavblaha.cz\/wp-content\/uploads\/2023\/03\/Pisa2-1024x768.jpeg\" alt=\"\" class=\"wp-image-2353\" srcset=\"https:\/\/stanislavblaha.cz\/wp-content\/uploads\/2023\/03\/Pisa2-1024x768.jpeg 1024w, https:\/\/stanislavblaha.cz\/wp-content\/uploads\/2023\/03\/Pisa2-300x225.jpeg 300w, https:\/\/stanislavblaha.cz\/wp-content\/uploads\/2023\/03\/Pisa2-768x576.jpeg 768w, https:\/\/stanislavblaha.cz\/wp-content\/uploads\/2023\/03\/Pisa2-1536x1152.jpeg 1536w, https:\/\/stanislavblaha.cz\/wp-content\/uploads\/2023\/03\/Pisa2.jpeg 2048w\" sizes=\"(max-width: 1024px) 100vw, 1024px\" \/><\/figure>\n<\/figure>\n","protected":false},"excerpt":{"rendered":"<p>Potvrzuju: je skute\u010dn\u011b \u0161ikm\u00e1. Podle pr\u016fvodc\u016f p\u0159esn\u011b o 3,97 stupn\u011b. Po p\u00e1r kr\u00e1sn\u00fdch dnech v severn\u00ed It\u00e1lii s rodinou zase odpo\u010dat\u00fd, s \u010distou hlavou a z\u00edtra zp\u00e1tky do pr\u00e1ce!<\/p>\n","protected":false},"author":4,"featured_media":2352,"comment_status":"closed","ping_status":"closed","sticky":false,"template":"","format":"standard","meta":[],"categories":[8],"tags":[],"_links":{"self":[{"href":"https:\/\/stanislavblaha.cz\/wp-json\/wp\/v2\/posts\/2218"}],"collection":[{"href":"https:\/\/stanislavblaha.cz\/wp-json\/wp\/v2\/posts"}],"about":[{"href":"https:\/\/stanislavblaha.cz\/wp-json\/wp\/v2\/types\/post"}],"author":[{"embeddable":true,"href":"https:\/\/stanislavblaha.cz\/wp-json\/wp\/v2\/users\/4"}],"replies":[{"embeddable":true,"href":"https:\/\/stanislavblaha.cz\/wp-json\/wp\/v2\/comments?post=2218"}],"version-history":[{"count":2,"href":"https:\/\/stanislavblaha.cz\/wp-json\/wp\/v2\/posts\/2218\/revisions"}],"predecessor-version":[{"id":2478,"href":"https:\/\/stanislavblaha.cz\/wp-json\/wp\/v2\/posts\/2218\/revisions\/2478"}],"wp:featuredmedia":[{"embeddable":true,"href":"https:\/\/stanislavblaha.cz\/wp-json\/wp\/v2\/media\/2352"}],"wp:attachment":[{"href":"https:\/\/stanislavblaha.cz\/wp-json\/wp\/v2\/media?parent=2218"}],"wp:term":[{"taxonomy":"category","embeddable":true,"href":"https:\/\/stanislavblaha.cz\/wp-json\/wp\/v2\/categories?post=2218"},{"taxonomy":"post_tag","embeddable":true,"href":"https:\/\/stanislavblaha.cz\/wp-json\/wp\/v2\/tags?post=2218"}],"curies":[{"name":"wp","href":"https:\/\/api.w.org\/{rel}","templated":true}]}},{"id":2215,"date":"2022-07-15T14:11:00","date_gmt":"2022-07-15T12:11:00","guid":{"rendered":"https:\/\/stanislavblaha.cz\/?p=2215"},"modified":"2023-04-05T09:48:08","modified_gmt":"2023-04-05T07:48:08","slug":"tuhle-fotku-chci-do-ramecku-do-kancelare","status":"publish","type":"post","link":"https:\/\/stanislavblaha.cz\/2022\/07\/15\/tuhle-fotku-chci-do-ramecku-do-kancelare\/","title":{"rendered":"Tuhle fotku chci do r\u00e1me\u010dku do kancel\u00e1\u0159e!"},"content":{"rendered":"\n<p>Tuto fotku si snad nech\u00e1m zar\u00e1movat do kancel\u00e1\u0159e. Je v n\u00ed toti\u017e v\u0161echno.<\/p>\n\n\n\n<p><img decoding=\"async\" loading=\"lazy\" alt=\"\ud83d\udc99\" src=\"https:\/\/lh3.googleusercontent.com\/ruFoVEAgc48N0Hc-toU5hOgN1VALiII-gOf_oDNHUiVZJovhLhHf1JWIDV9XWtK9L78eLcNCXfMLPp7DZVm-PdpbfQe4qeC2wjnevqUxIkuscNBgnOVi4c0JjmP3vO0oEbdI1-KG\" width=\"16\" height=\"16\"> Srde\u010dnost, na kterou na Slov\u00e1cku naraz\u00edte t\u00e9m\u011b\u0159 za ka\u017ed\u00fdmi dve\u0159mi.<\/p>\n\n\n\n<p><img decoding=\"async\" loading=\"lazy\" alt=\"\ud83d\udc99\" src=\"https:\/\/lh3.googleusercontent.com\/fAj14miMA9b1r1pQ9CsZ5RoQBOAkpvzL7kPvaeUci8HmW53mTEGTt1lxlL8gwtrDug-4JPUYyumdFevsyrKDjmesW84oAqRUznKLttkIIb91Y905_e-hwolLTFoAfsQq3bgxigMv\" width=\"16\" height=\"16\"> Folkl\u00f3r, tradice, kultura, kter\u00e9 tu s l\u00e1skou p\u0159ed\u00e1vaj\u00ed rodi\u010de d\u011btem u\u017e n\u011bkolik generac\u00ed.<\/p>\n\n\n\n<p><img decoding=\"async\" loading=\"lazy\" alt=\"\ud83d\udc99\" src=\"https:\/\/lh5.googleusercontent.com\/RMY3PUWD0M78nElVeUkQLLNwP-Lza2EeLhwx3DBHXkDikn3ezBYxzR_mdehtCCp7Y_tB12zyTVFpAdOExpZEfRqfTBCxpsWysAyugGTrGFhiuvddJJ_5zkQsn1qFrbAOI6qe9Fq0\" width=\"16\" height=\"16\"> Radost ze \u017eivota. Z toho, jak to u n\u00e1s tepe a \u017eije.<\/p>\n\n\n\n<p><img decoding=\"async\" loading=\"lazy\" alt=\"\ud83d\udc99\" src=\"https:\/\/lh6.googleusercontent.com\/l3x11yGjggvemfp0czewAsfwOdH42K7waQDKTBqKwV8wdELHFspNXWZcuQ8N-6p2pJROnFgJG5r5xs9sLsxRbUc9gpU8d_8CEWnH5DWRZbtxCl8YQGKAFe0yWmhJpiyuGmCNDDJv\" width=\"16\" height=\"16\"> A magie okam\u017eiku. Ml\u00e1d\u00ed, \u00fasm\u011bvy, l\u00e9to, zvuk zur\u010d\u00edc\u00ed vody a \u0161um\u00edc\u00edch list\u016f&#8230;<\/p>\n\n\n\n<p>Prost\u011b kr\u00e1sn\u00e9 \u010dasy. P\u0159eji v\u00e1m v\u00edkend pln\u00fd okam\u017eik\u016f, na kter\u00e9 budete moct jednou takto zasn\u011bn\u011b vzpom\u00ednat. <img decoding=\"async\" loading=\"lazy\" width=\"16\" height=\"16\" src=\"https:\/\/lh4.googleusercontent.com\/iSfWgnCfcV9C7-027zX9nBGMQ3bB_9m0UCnn5b-4bn8hmHCX6IZBapugqi-0QD7pcBZq5L75HsHR25Oict8UZ2ubmYKmVB8udh1oGUxw8xaXjZRAk1n0fBjkxTVQxqW1plWIPZg9\" alt=\"\ud83e\udd17\"><\/p>\n\n\n\n<p>Autor:<a href=\"https:\/\/www.facebook.com\/moments.foto.mg?__cft__[0]=AZWJSDBRvDtzq2qxG6QKdgZystU9mfTfHxS6uORsTD6TgcDDYTXSE-YW0uoIXTD1C4o-2V0HPvrexFypyeYJnMHxNCqW0lYvR_xsB3I_p-kTvv_PKmU59J6YiayZRSl-t_yEE_LPGQLFVdEYGDLuS-LsgPT-WPK6Wd2rycf23_fsc8sMzDyV3KfZynt7lKdXt2o&amp;__tn__=-]K-R\"> Moments FOTO<\/a> a na fotce je Folklorn\u00ed soubor Cifra.<\/p>\n","protected":false},"excerpt":{"rendered":"<p>Tuto fotku si snad nech\u00e1m zar\u00e1movat do kancel\u00e1\u0159e. Je v n\u00ed toti\u017e v\u0161echno. Srde\u010dnost, na kterou na Slov\u00e1cku naraz\u00edte t\u00e9m\u011b\u0159 za ka\u017ed\u00fdmi dve\u0159mi. Folkl\u00f3r, tradice, kultura, kter\u00e9 tu s l\u00e1skou p\u0159ed\u00e1vaj\u00ed rodi\u010de d\u011btem u\u017e n\u011bkolik generac\u00ed. Radost ze \u017eivota. Z toho, jak to u n\u00e1s tepe a \u017eije. A magie&#8230;<\/p>\n","protected":false},"author":4,"featured_media":2306,"comment_status":"closed","ping_status":"closed","sticky":false,"template":"","format":"standard","meta":[],"categories":[8],"tags":[],"_links":{"self":[{"href":"https:\/\/stanislavblaha.cz\/wp-json\/wp\/v2\/posts\/2215"}],"collection":[{"href":"https:\/\/stanislavblaha.cz\/wp-json\/wp\/v2\/posts"}],"about":[{"href":"https:\/\/stanislavblaha.cz\/wp-json\/wp\/v2\/types\/post"}],"author":[{"embeddable":true,"href":"https:\/\/stanislavblaha.cz\/wp-json\/wp\/v2\/users\/4"}],"replies":[{"embeddable":true,"href":"https:\/\/stanislavblaha.cz\/wp-json\/wp\/v2\/comments?post=2215"}],"version-history":[{"count":2,"href":"https:\/\/stanislavblaha.cz\/wp-json\/wp\/v2\/posts\/2215\/revisions"}],"predecessor-version":[{"id":2217,"href":"https:\/\/stanislavblaha.cz\/wp-json\/wp\/v2\/posts\/2215\/revisions\/2217"}],"wp:featuredmedia":[{"embeddable":true,"href":"https:\/\/stanislavblaha.cz\/wp-json\/wp\/v2\/media\/2306"}],"wp:attachment":[{"href":"https:\/\/stanislavblaha.cz\/wp-json\/wp\/v2\/media?parent=2215"}],"wp:term":[{"taxonomy":"category","embeddable":true,"href":"https:\/\/stanislavblaha.cz\/wp-json\/wp\/v2\/categories?post=2215"},{"taxonomy":"post_tag","embeddable":true,"href":"https:\/\/stanislavblaha.cz\/wp-json\/wp\/v2\/tags?post=2215"}],"curies":[{"name":"wp","href":"https:\/\/api.w.org\/{rel}","templated":true}]}},{"id":2213,"date":"2022-07-14T19:10:00","date_gmt":"2022-07-14T17:10:00","guid":{"rendered":"https:\/\/stanislavblaha.cz\/?p=2213"},"modified":"2023-04-05T09:49:15","modified_gmt":"2023-04-05T07:49:15","slug":"nenechame-vas-padnout","status":"publish","type":"post","link":"https:\/\/stanislavblaha.cz\/2022\/07\/14\/nenechame-vas-padnout\/","title":{"rendered":"Nenech\u00e1me v\u00e1s padnout"},"content":{"rendered":"\n<p>NENECH\u00c1ME V\u00c1S PADNOUT<\/p>\n\n\n\n<p>Dnes jsme prosadili, \u017ee v\u00e1m pom\u016f\u017eeme srazit cenu, kterou plat\u00edte za elekt\u0159inu, plyn i teplo. <img decoding=\"async\" loading=\"lazy\" alt=\"\u2705\" src=\"https:\/\/lh6.googleusercontent.com\/Jzduc7HYk8NAxV86nnkrJk2Z27bBbgsYAR88KbVf8WqeV4e0iBwL2byLy32iZTj0j1HQhvT2_FU25eklcHsOw10R_269vPKZiabEYsMNdu428rAS6tXoHSYzrEYprdqLBRX1DvzZ\" width=\"16\" height=\"16\"><\/p>\n\n\n\n<p>Jdeme cestou slevy, kter\u00e1 se bude po\u010d\u00edtat i podle toho, jestli elekt\u0159inou a plynem jen top\u00edte, nebo i oh\u0159\u00edv\u00e1te vodu. P\u0159\u00edsp\u011bvek dostanete AUTOMATICKY, nemus\u00edte o nic \u017e\u00e1dat. Bude sou\u010d\u00e1st\u00ed vy\u00fa\u010dtov\u00e1n\u00ed, kter\u00e9 v\u00e1m chod\u00ed dom\u016f. <img decoding=\"async\" loading=\"lazy\" alt=\"\ud83d\udc4d\" src=\"https:\/\/lh6.googleusercontent.com\/hCpVu5dXIZOffRs-TjZSFsJ4XepsZRiEVRsPs89-GqMKRvQa-jOcnwsFoEByC0K5sAdY_gDfRoBmn1cuytojDEaQksAdsZHU71PLxeeQxiy5IbhjES0Uk6xUkBzXZyFcHGxcTKEC\" width=\"16\" height=\"16\"><\/p>\n\n\n\n<p>Spo\u010d\u00edtali jsme, \u017ee pr\u016fm\u011brn\u011b by tak jedna dom\u00e1cnost mohla u\u0161et\u0159it v\u00edce ne\u017e 16 tis\u00edc korun. <img decoding=\"async\" loading=\"lazy\" alt=\"\ud83d\udcb0\" src=\"https:\/\/lh6.googleusercontent.com\/0JgADPO1VsnKceb4ldt8LsCnAlFiyYguN65rspj-pzvx8SFCUdhPJWjldnnPrY3a332RTeDvwwhGQCyEePN11ZC-VpPMF-PKYNWpbnTh9iNSVFneYrVSkgEYEHMXnYl3E8B5CUv_\" width=\"16\" height=\"16\"> Zat\u00edm po\u010d\u00edt\u00e1me s t\u00edm, \u017ee sleva bude platit celou topnou sez\u00f3nu, tedy a\u017e do 1. dubna, ale ve h\u0159e je i varianta, \u017ee akci prodlou\u017e\u00edme.<\/p>\n\n\n\n<p>Pro ty z v\u00e1s, kdo vyu\u017e\u00edv\u00e1te d\u00e1lkov\u00e9 teplo &#8211; zat\u00edm m\u00e1me p\u0159ipraven\u00e9 dv\u011b varianty. \u00dasporn\u00fd tarif nebo investice do modernizace tepl\u00e1ren, kter\u00e9 za to nebudou zvy\u0161ovat ceny. A\u017e bude jasn\u00e9, kterou se vyd\u00e1me, d\u00e1m v\u011bd\u011bt. A mysl\u00edme i na lidi s centr\u00e1ln\u00ed kotelnou. <img decoding=\"async\" loading=\"lazy\" alt=\"\u2668\ufe0f\" src=\"https:\/\/lh6.googleusercontent.com\/j5mn8FbxWfskTpt1ljuRIBSSgk7Q2SXeIpXpKuBNt-6EiwcZdQKpvsUIhnIJJgLbZM8C4of63Az1KNu4HI_LRPN1l9HQOAtK-pJHn6zzKMUip0-cXmQdliz9Ld9-QBihrlxQO45U\" width=\"16\" height=\"16\"><\/p>\n\n\n\n<p>Nic si nenalh\u00e1vejme. Ceny energi\u00ed je\u0161t\u011b p\u016fjdou nahoru a ani inflace je\u0161t\u011b nedos\u00e1hla vrcholu. Ne\u010dekaj\u00ed n\u00e1s lehk\u00e9 m\u011bs\u00edce. Ale schv\u00e1len\u00ed \u00fasporn\u00e9ho tarifu je dal\u0161\u00ed d\u016fkaz toho, \u017ee v\u00e1s v tom prost\u011b nenech\u00e1me.<\/p>\n","protected":false},"excerpt":{"rendered":"<p>NENECH\u00c1ME V\u00c1S PADNOUT Dnes jsme prosadili, \u017ee v\u00e1m pom\u016f\u017eeme srazit cenu, kterou plat\u00edte za elekt\u0159inu, plyn i teplo. Jdeme cestou slevy, kter\u00e1 se bude po\u010d\u00edtat i podle toho, jestli elekt\u0159inou a plynem jen top\u00edte, nebo i oh\u0159\u00edv\u00e1te vodu. P\u0159\u00edsp\u011bvek dostanete AUTOMATICKY, nemus\u00edte o nic \u017e\u00e1dat. Bude sou\u010d\u00e1st\u00ed vy\u00fa\u010dtov\u00e1n\u00ed, kter\u00e9 v\u00e1m&#8230;<\/p>\n","protected":false},"author":4,"featured_media":2325,"comment_status":"closed","ping_status":"closed","sticky":false,"template":"","format":"standard","meta":[],"categories":[8],"tags":[],"_links":{"self":[{"href":"https:\/\/stanislavblaha.cz\/wp-json\/wp\/v2\/posts\/2213"}],"collection":[{"href":"https:\/\/stanislavblaha.cz\/wp-json\/wp\/v2\/posts"}],"about":[{"href":"https:\/\/stanislavblaha.cz\/wp-json\/wp\/v2\/types\/post"}],"author":[{"embeddable":true,"href":"https:\/\/stanislavblaha.cz\/wp-json\/wp\/v2\/users\/4"}],"replies":[{"embeddable":true,"href":"https:\/\/stanislavblaha.cz\/wp-json\/wp\/v2\/comments?post=2213"}],"version-history":[{"count":1,"href":"https:\/\/stanislavblaha.cz\/wp-json\/wp\/v2\/posts\/2213\/revisions"}],"predecessor-version":[{"id":2214,"href":"https:\/\/stanislavblaha.cz\/wp-json\/wp\/v2\/posts\/2213\/revisions\/2214"}],"wp:featuredmedia":[{"embeddable":true,"href":"https:\/\/stanislavblaha.cz\/wp-json\/wp\/v2\/media\/2325"}],"wp:attachment":[{"href":"https:\/\/stanislavblaha.cz\/wp-json\/wp\/v2\/media?parent=2213"}],"wp:term":[{"taxonomy":"category","embeddable":true,"href":"https:\/\/stanislavblaha.cz\/wp-json\/wp\/v2\/categories?post=2213"},{"taxonomy":"post_tag","embeddable":true,"href":"https:\/\/stanislavblaha.cz\/wp-json\/wp\/v2\/tags?post=2213"}],"curies":[{"name":"wp","href":"https:\/\/api.w.org\/{rel}","templated":true}]}},{"id":2211,"date":"2022-07-11T13:09:00","date_gmt":"2022-07-11T11:09:00","guid":{"rendered":"https:\/\/stanislavblaha.cz\/?p=2211"},"modified":"2023-04-05T09:51:54","modified_gmt":"2023-04-05T07:51:54","slug":"legendarni-cmelak-zpatky-v-kunovicich","status":"publish","type":"post","link":"https:\/\/stanislavblaha.cz\/2022\/07\/11\/legendarni-cmelak-zpatky-v-kunovicich\/","title":{"rendered":"Legend\u00e1rn\u00ed \u010cmel\u00e1k zp\u00e1tky v Kunovic\u00edch"},"content":{"rendered":"\n<p>Tak to je bomba &#8211; do Kunovic se vr\u00e1til legend\u00e1rn\u00ed pr\u00e1\u0161kovac\u00ed \u010cmel\u00e1k! \ud83d\udc1d<\/p>\n\n\n\n<p>Jde o hotovou leteckou celebritu. \u2b50\ufe0f Zahr\u00e1l si ve filmech Vesni\u010dko m\u00e1 st\u0159ediskov\u00e1, Trh\u00e1k nebo Pan Tau. V prvn\u00edm jmenovan\u00e9m filmu si ho osedlal legend\u00e1rn\u00ed Julius Satinsk\u00fd. \ud83d\udcfa<\/p>\n\n\n\n<p>Na jeho rekonstrukci pracovala parta lid\u00ed, kter\u00e1 v sobotu v Kunovic\u00edch dokonce sehr\u00e1la sc\u00e9nku pr\u00e1v\u011b z Vesni\u010dko m\u00e1 st\u0159ediskov\u00e1. \ud83d\ude05<\/p>\n\n\n\n<p>Mimochodem: nejmlad\u0161\u00ed pomocn\u00edci, kte\u0159\u00ed na \u010cmel\u00e1kovi pracovali m\u011bli 7 a 13 let &#8211; Vojta Rozkopal z Kunovic a Jan Andr\u00fdsek z Bor\u0161ic. Kluci, smek\u00e1m. Jste borci! \ud83d\ude2e\ud83d\udc4f<\/p>\n\n\n\n<p>Kr\u00e1sn\u00e9 fotky jsou od <a href=\"https:\/\/business.facebook.com\/leteckemuzeumvkunovicich\/?__xts__%5B0%5D=68.ARAojJRcUs_6ATWUSGGVJYXavhhhHVZf8vCh0HE905fUZYbeKapbPvl11iYSf57mdKISoeFFXB69XuFRnufRX4NHbVVtNJdRpJFikgkdUze0S6OWll8y4pFPpuk9noVMTkDNDAKUkirMrOFgqwR2sL8iGdUOWQmGxOqxHl3AZAUXAOQaaivCzquuoM6I1bb3MqGp60f0ns8eugyrWMU_y7tgjgvbvW3N2mhjEYKYmell52r2HiswTpuqywur3yvBwtWuvrB7owUfcoVOirvb6HnPZEn6GaVc8h_OgDu2IIrjhz9Itfgcmw&amp;__xts__%5B1%5D=68.ARB4GOelYUxAs0P27b9_CUKYl84ndV14q4b916jC3lqvvdHTLZ9pXosTnsawlQvCMShlGa93692o7Dur-jtO1JUxJordki4XZsK7PhAEZDxiXTzaCtXU7TAq9fOXTgZf8MNS91k9Xf8vfdvROQZNNEsUgpSgCll3CcnFURVMMVUi-Zty6qi7ik53fHrMn2hVZyL1AFxvY3E8joFmp_lGJ8NYTvo1SYfM7_XC5dtA0lanybD-GoY-Q7LxVYy-s1p3Y-mpy87kBsvlaOE7XqBsHIvExqfc5G9aw2nS52_aPE2QRK8R2lrj5A&amp;__tn__=K-R&amp;eid=ARDmRFhkvdb5NUppltBphmdsLCOe9F16fVA0MiILaqv8BzfBu8mEaz392ds8Xude0zCLwJoEj_YJMfI1&amp;fref=mentions\">Leteck\u00e9 muzeum v Kunovic\u00edch<\/a>.<\/p>\n\n\n\n<figure class=\"wp-block-image size-large\"><img decoding=\"async\" loading=\"lazy\" width=\"1024\" height=\"683\" src=\"https:\/\/stanislavblaha.cz\/wp-content\/uploads\/2023\/03\/cmelak2-1024x683.jpeg\" alt=\"\" class=\"wp-image-2308\" srcset=\"https:\/\/stanislavblaha.cz\/wp-content\/uploads\/2023\/03\/cmelak2-1024x683.jpeg 1024w, https:\/\/stanislavblaha.cz\/wp-content\/uploads\/2023\/03\/cmelak2-300x200.jpeg 300w, https:\/\/stanislavblaha.cz\/wp-content\/uploads\/2023\/03\/cmelak2-768x512.jpeg 768w, https:\/\/stanislavblaha.cz\/wp-content\/uploads\/2023\/03\/cmelak2-1536x1024.jpeg 1536w, https:\/\/stanislavblaha.cz\/wp-content\/uploads\/2023\/03\/cmelak2.jpeg 2014w\" sizes=\"(max-width: 1024px) 100vw, 1024px\" \/><\/figure>\n","protected":false},"excerpt":{"rendered":"<p>Tak to je bomba &#8211; do Kunovic se vr\u00e1til legend\u00e1rn\u00ed pr\u00e1\u0161kovac\u00ed \u010cmel\u00e1k! \ud83d\udc1d Jde o hotovou leteckou celebritu. \u2b50\ufe0f Zahr\u00e1l si ve filmech Vesni\u010dko m\u00e1 st\u0159ediskov\u00e1, Trh\u00e1k nebo Pan Tau. V prvn\u00edm jmenovan\u00e9m filmu si ho osedlal legend\u00e1rn\u00ed Julius Satinsk\u00fd. \ud83d\udcfa Na jeho rekonstrukci pracovala parta lid\u00ed, kter\u00e1 v sobotu&#8230;<\/p>\n","protected":false},"author":4,"featured_media":2307,"comment_status":"closed","ping_status":"closed","sticky":false,"template":"","format":"standard","meta":[],"categories":[8],"tags":[],"_links":{"self":[{"href":"https:\/\/stanislavblaha.cz\/wp-json\/wp\/v2\/posts\/2211"}],"collection":[{"href":"https:\/\/stanislavblaha.cz\/wp-json\/wp\/v2\/posts"}],"about":[{"href":"https:\/\/stanislavblaha.cz\/wp-json\/wp\/v2\/types\/post"}],"author":[{"embeddable":true,"href":"https:\/\/stanislavblaha.cz\/wp-json\/wp\/v2\/users\/4"}],"replies":[{"embeddable":true,"href":"https:\/\/stanislavblaha.cz\/wp-json\/wp\/v2\/comments?post=2211"}],"version-history":[{"count":3,"href":"https:\/\/stanislavblaha.cz\/wp-json\/wp\/v2\/posts\/2211\/revisions"}],"predecessor-version":[{"id":2483,"href":"https:\/\/stanislavblaha.cz\/wp-json\/wp\/v2\/posts\/2211\/revisions\/2483"}],"wp:featuredmedia":[{"embeddable":true,"href":"https:\/\/stanislavblaha.cz\/wp-json\/wp\/v2\/media\/2307"}],"wp:attachment":[{"href":"https:\/\/stanislavblaha.cz\/wp-json\/wp\/v2\/media?parent=2211"}],"wp:term":[{"taxonomy":"category","embeddable":true,"href":"https:\/\/stanislavblaha.cz\/wp-json\/wp\/v2\/categories?post=2211"},{"taxonomy":"post_tag","embeddable":true,"href":"https:\/\/stanislavblaha.cz\/wp-json\/wp\/v2\/tags?post=2211"}],"curies":[{"name":"wp","href":"https:\/\/api.w.org\/{rel}","templated":true}]}},{"id":2209,"date":"2022-07-10T16:08:00","date_gmt":"2022-07-10T14:08:00","guid":{"rendered":"https:\/\/stanislavblaha.cz\/?p=2209"},"modified":"2023-04-05T09:52:44","modified_gmt":"2023-04-05T07:52:44","slug":"krasnou-nedeli-a-mejte-se-radi","status":"publish","type":"post","link":"https:\/\/stanislavblaha.cz\/2022\/07\/10\/krasnou-nedeli-a-mejte-se-radi\/","title":{"rendered":"Kr\u00e1snou ned\u011bli a m\u011bjte se r\u00e1di!"},"content":{"rendered":"\n<p>\u201eV dobr\u00e9m i ve zl\u00e9m, ve zdrav\u00ed i v nemoci.\u201c Co m\u016f\u017ee b\u00fdt v\u00edc, ne\u017e zest\u00e1rnout vedle milovan\u00e9ho \u010dlov\u011bka, vychovat s n\u00edm d\u011bti, pro\u017e\u00edt spole\u010dn\u011b \u017eivot? Na setk\u00e1n\u00ed jubilant\u016f jsem ned\u00e1vno takto gratuloval man\u017eel\u016fm Jak\u0161ov\u00fdm k diamantov\u00e9 svatb\u011b. Jsou spolu 60 let! <img decoding=\"async\" loading=\"lazy\" alt=\"\ud83d\udc4f\ud83c\udffb\" src=\"https:\/\/lh5.googleusercontent.com\/CNixi1GVtyhid0T9RsrwIEjD8ZHpamct43AjtMD5-oRzIBW9s2fLM7FudTYvenG2G773S2D5J2S180ww-Z_s86Y3VzdyZHRB0VdPKz8TK4B_oK99koIAzgseURbUtjouUDnNpWU-\" width=\"16\" height=\"16\"><\/p>\n\n\n\n<p>\u017divot je kr\u00e1sn\u00fd a m\u00edt mo\u017enost pro\u017e\u00edt ho s n\u011bk\u00fdm, za koho byste d\u00fdchali, je dar.<\/p>\n\n\n\n<p>P\u0159eji v\u00e1m kr\u00e1snou ned\u011bli a &#8230; m\u011bjte se r\u00e1di!<\/p>\n","protected":false},"excerpt":{"rendered":"<p>\u201eV dobr\u00e9m i ve zl\u00e9m, ve zdrav\u00ed i v nemoci.\u201c Co m\u016f\u017ee b\u00fdt v\u00edc, ne\u017e zest\u00e1rnout vedle milovan\u00e9ho \u010dlov\u011bka, vychovat s n\u00edm d\u011bti, pro\u017e\u00edt spole\u010dn\u011b \u017eivot? Na setk\u00e1n\u00ed jubilant\u016f jsem ned\u00e1vno takto gratuloval man\u017eel\u016fm Jak\u0161ov\u00fdm k diamantov\u00e9 svatb\u011b. Jsou spolu 60 let! \u017divot je kr\u00e1sn\u00fd a m\u00edt mo\u017enost pro\u017e\u00edt ho&#8230;<\/p>\n","protected":false},"author":4,"featured_media":2351,"comment_status":"closed","ping_status":"closed","sticky":false,"template":"","format":"standard","meta":[],"categories":[8],"tags":[],"_links":{"self":[{"href":"https:\/\/stanislavblaha.cz\/wp-json\/wp\/v2\/posts\/2209"}],"collection":[{"href":"https:\/\/stanislavblaha.cz\/wp-json\/wp\/v2\/posts"}],"about":[{"href":"https:\/\/stanislavblaha.cz\/wp-json\/wp\/v2\/types\/post"}],"author":[{"embeddable":true,"href":"https:\/\/stanislavblaha.cz\/wp-json\/wp\/v2\/users\/4"}],"replies":[{"embeddable":true,"href":"https:\/\/stanislavblaha.cz\/wp-json\/wp\/v2\/comments?post=2209"}],"version-history":[{"count":1,"href":"https:\/\/stanislavblaha.cz\/wp-json\/wp\/v2\/posts\/2209\/revisions"}],"predecessor-version":[{"id":2210,"href":"https:\/\/stanislavblaha.cz\/wp-json\/wp\/v2\/posts\/2209\/revisions\/2210"}],"wp:featuredmedia":[{"embeddable":true,"href":"https:\/\/stanislavblaha.cz\/wp-json\/wp\/v2\/media\/2351"}],"wp:attachment":[{"href":"https:\/\/stanislavblaha.cz\/wp-json\/wp\/v2\/media?parent=2209"}],"wp:term":[{"taxonomy":"category","embeddable":true,"href":"https:\/\/stanislavblaha.cz\/wp-json\/wp\/v2\/categories?post=2209"},{"taxonomy":"post_tag","embeddable":true,"href":"https:\/\/stanislavblaha.cz\/wp-json\/wp\/v2\/tags?post=2209"}],"curies":[{"name":"wp","href":"https:\/\/api.w.org\/{rel}","templated":true}]}},{"id":2207,"date":"2022-07-01T18:06:00","date_gmt":"2022-07-01T16:06:00","guid":{"rendered":"https:\/\/stanislavblaha.cz\/?p=2207"},"modified":"2023-04-05T09:53:59","modified_gmt":"2023-04-05T07:53:59","slug":"mezi-vami-v-sadech","status":"publish","type":"post","link":"https:\/\/stanislavblaha.cz\/2022\/07\/01\/mezi-vami-v-sadech\/","title":{"rendered":"Mezi v\u00e1mi, v Sadech"},"content":{"rendered":"\n<p>\u0160\u0148\u016fru setk\u00e1n\u00ed s ob\u010dany jsme zakon\u010dili v Sadech. Tak poj\u010fme na pravideln\u00e9 shrnut\u00ed pro ty, co nestihli p\u0159ij\u00edt. <img decoding=\"async\" loading=\"lazy\" width=\"16\" height=\"16\" src=\"https:\/\/lh3.googleusercontent.com\/wH-vypkDBnPKDKg44eQzuq7v5o7mDm2pzBU0Ssz2LQcviy_VJYEbyoQuJ8PeQ-qLM1W-YBBloQ_czn54Srd22c4A3hiRlZUq7HZPKNRrWvB7g2qhGCDbd1K8fhA0RBbZ38_S5Zy5\" alt=\"\ud83d\ude42\"><\/p>\n\n\n\n<p><img decoding=\"async\" loading=\"lazy\" width=\"16\" height=\"16\" src=\"https:\/\/lh4.googleusercontent.com\/Ne2GRUUyfOAmSJEXPv2UfLSArNwhYdJPHSS7XeNOpvT8mYsuuLpMyw0OsQYfVzI1HhdaIwh_HBIMXAUcHiR8pukpzAZExJNVo7FKSiRO1CDte8eLxhSOy3wJtv7YPlaOk7c6Ns-F\" alt=\"\u2705\"> H\u0159i\u0161t\u011b v Sadech jsme napojili na pitnou vodu, spla\u0161kovou kanalizaci a vyhloubili i novou studnu.<\/p>\n\n\n\n<p><img decoding=\"async\" loading=\"lazy\" width=\"16\" height=\"16\" src=\"https:\/\/lh4.googleusercontent.com\/KjO0tBa7cdBMSohk0rVL_ZPosUOtkVqmNnvtr0cAN6BS6nUiZL5IPTkjmdYAe14i8hzXZL6lGsHycrdb4z6s5NqWMnus4phKWxJ5MjKIH7jZuBTsz9be2QNflC8LI343EJgNT7Ed\" alt=\"\u2705\"> P\u00e1r novinek p\u0159ibylo i v ps\u00edm v\u00fdb\u011bhu za fotbalov\u00fdm h\u0159i\u0161t\u011bm. Pro ps\u00ed atlety jsme p\u0159idali p\u0159ek\u00e1\u017eky a pro ps\u00ed \u00fat\u011bk\u00e1\u0159e zase oplocen\u00ed podhrabov\u00fdmi deskami.<\/p>\n\n\n\n<p><img decoding=\"async\" loading=\"lazy\" width=\"16\" height=\"16\" src=\"https:\/\/lh4.googleusercontent.com\/-7wRNSyslTHOARs9F7szM2qEMqDm1VZiq22-cROaO5yosPmX6lodysR56I5tJm4NEdxIPt54ThaRmbQWMfBebW_j-2gG3k_RcxeIvGgLuPDEpe_ZYCgfWR0IjsqVfXKZTK3BkSbK\" alt=\"\u2705\"> Dokon\u010dili jsme rekonstrukci cesty v ulici Za kov\u00e1rnou.<\/p>\n\n\n\n<p><img decoding=\"async\" loading=\"lazy\" width=\"16\" height=\"16\" src=\"https:\/\/lh3.googleusercontent.com\/PlQlHJ0j9VHu9Yvm7k43BpeQTxUN6cwHCTt-FFb9HfLDDT30rysiL7yG4sqohLVDPOfg8Ov0zK0vtoK4vsl9GkTF99c9Kzt49WD9xfGjNebi2pZjsEU9Hd_T6Zm556gdFhG6eyK6\" alt=\"\u2705\"> A mezi Sady a Ma\u0159aticemi jsme vysadili biop\u00e1s, kter\u00fd u\u017e bzu\u010d\u00ed hmyzem a von\u00ed loukou. <img decoding=\"async\" loading=\"lazy\" width=\"16\" height=\"16\" src=\"https:\/\/lh6.googleusercontent.com\/nrYmv64gZzfRBhhLaqSxVMhkZLEEalSsXBWmrRDr5Fs_M-bE618ZCjiNNCeuJNRKV-XGMjCx75mknrYkPFHLRcJIcjt3AyWSF9OGDf4ndOFTlzgtNBYePoTP_Og0MKMtWhaMATTF\" alt=\"\ud83c\udf31\"><\/p>\n\n\n\n<p>A co n\u00e1s \u010dek\u00e1?<\/p>\n\n\n\n<p><img decoding=\"async\" loading=\"lazy\" width=\"16\" height=\"16\" src=\"https:\/\/lh3.googleusercontent.com\/wwsGdLrEocvVVLojBQkUt8huSzOE2v-ruC_5JE7FwvqTsbSv7C5If8-ZOT6o3Dcm7Zz_YpTRSqRMHkPUrmrFhuwsknjxXfCbz0aWqP8jdpP96lZzXwNdnv7dl1Buig_75hpam_ZC\" alt=\"\ud83d\udd35\"> Velk\u00e1 rekonstrukce v ulici Soln\u00e1 cesta. Roz\u0161\u00ed\u0159\u00edme chodn\u00edky, posuneme zast\u00e1vky, vym\u011bn\u00edme osv\u011btlen\u00ed. Pracovat budeme po etap\u00e1ch.<\/p>\n\n\n\n<p><img decoding=\"async\" loading=\"lazy\" width=\"16\" height=\"16\" src=\"https:\/\/lh6.googleusercontent.com\/l1tJkEN-tD5bKXDcs4Rccp2Jzf5oxMlWUp5MMNkO1ZCBFlycKyGkQOEVYnSVvwxgZZ-iKaHVdQgOUbh6ET2q0TcfAqpb8A7RImhxae382MgZQV0U6U_Rg_tHX6N5cQZXdyAU3j9I\" alt=\"\ud83d\udd35\"> \u0158e\u0161it budeme i spodn\u00ed vody na h\u0159bitov\u011b, v\u00edme, \u017ee voda tady ob\u010das zaplavuje m\u00edsta, kde nem\u00e1 co d\u011blat.<\/p>\n\n\n\n<p><img decoding=\"async\" loading=\"lazy\" width=\"16\" height=\"16\" src=\"https:\/\/lh4.googleusercontent.com\/9ubJ2K1l3R5QuQnMN1plooadz2al3aT8r8-ty_9APFgQ-Z38v2WSa_fjifJxB9Al3PR2g5J44fzSuN1pHFCI294VZSB1UHR9tSvSn8cT3Y5UHYbFJ5mN52FLRNnaBFfCjyekWuBL\" alt=\"\ud83d\udd35\"> A pl\u00e1nujeme i zp\u0159\u00edstupn\u011bn\u00ed V\u00fd\u0161iny svat\u00e9ho Metod\u011bje.<\/p>\n\n\n\n<figure class=\"is-layout-flex wp-block-gallery-3 wp-block-gallery has-nested-images columns-default is-cropped\">\n<figure class=\"wp-block-image size-large\"><img decoding=\"async\" loading=\"lazy\" width=\"1024\" height=\"683\" data-id=\"2363\"  src=\"https:\/\/stanislavblaha.cz\/wp-content\/uploads\/2023\/03\/Sady2-1024x683.jpeg\" alt=\"\" class=\"wp-image-2363\" srcset=\"https:\/\/stanislavblaha.cz\/wp-content\/uploads\/2023\/03\/Sady2-1024x683.jpeg 1024w, https:\/\/stanislavblaha.cz\/wp-content\/uploads\/2023\/03\/Sady2-300x200.jpeg 300w, https:\/\/stanislavblaha.cz\/wp-content\/uploads\/2023\/03\/Sady2-768x512.jpeg 768w, https:\/\/stanislavblaha.cz\/wp-content\/uploads\/2023\/03\/Sady2-1536x1024.jpeg 1536w, https:\/\/stanislavblaha.cz\/wp-content\/uploads\/2023\/03\/Sady2.jpeg 2048w\" sizes=\"(max-width: 1024px) 100vw, 1024px\" \/><\/figure>\n\n\n\n<figure class=\"wp-block-image size-large\"><img decoding=\"async\" loading=\"lazy\" width=\"1024\" height=\"683\" data-id=\"2364\"  src=\"https:\/\/stanislavblaha.cz\/wp-content\/uploads\/2023\/03\/Sady3-1024x683.jpeg\" alt=\"\" class=\"wp-image-2364\" srcset=\"https:\/\/stanislavblaha.cz\/wp-content\/uploads\/2023\/03\/Sady3-1024x683.jpeg 1024w, https:\/\/stanislavblaha.cz\/wp-content\/uploads\/2023\/03\/Sady3-300x200.jpeg 300w, https:\/\/stanislavblaha.cz\/wp-content\/uploads\/2023\/03\/Sady3-768x512.jpeg 768w, https:\/\/stanislavblaha.cz\/wp-content\/uploads\/2023\/03\/Sady3-1536x1024.jpeg 1536w, https:\/\/stanislavblaha.cz\/wp-content\/uploads\/2023\/03\/Sady3.jpeg 2048w\" sizes=\"(max-width: 1024px) 100vw, 1024px\" \/><\/figure>\n<\/figure>\n","protected":false},"excerpt":{"rendered":"<p>\u0160\u0148\u016fru setk\u00e1n\u00ed s ob\u010dany jsme zakon\u010dili v Sadech. Tak poj\u010fme na pravideln\u00e9 shrnut\u00ed pro ty, co nestihli p\u0159ij\u00edt. H\u0159i\u0161t\u011b v Sadech jsme napojili na pitnou vodu, spla\u0161kovou kanalizaci a vyhloubili i novou studnu. P\u00e1r novinek p\u0159ibylo i v ps\u00edm v\u00fdb\u011bhu za fotbalov\u00fdm h\u0159i\u0161t\u011bm. Pro ps\u00ed atlety jsme p\u0159idali p\u0159ek\u00e1\u017eky a&#8230;<\/p>\n","protected":false},"author":4,"featured_media":2362,"comment_status":"closed","ping_status":"closed","sticky":false,"template":"","format":"standard","meta":[],"categories":[8],"tags":[],"_links":{"self":[{"href":"https:\/\/stanislavblaha.cz\/wp-json\/wp\/v2\/posts\/2207"}],"collection":[{"href":"https:\/\/stanislavblaha.cz\/wp-json\/wp\/v2\/posts"}],"about":[{"href":"https:\/\/stanislavblaha.cz\/wp-json\/wp\/v2\/types\/post"}],"author":[{"embeddable":true,"href":"https:\/\/stanislavblaha.cz\/wp-json\/wp\/v2\/users\/4"}],"replies":[{"embeddable":true,"href":"https:\/\/stanislavblaha.cz\/wp-json\/wp\/v2\/comments?post=2207"}],"version-history":[{"count":2,"href":"https:\/\/stanislavblaha.cz\/wp-json\/wp\/v2\/posts\/2207\/revisions"}],"predecessor-version":[{"id":2484,"href":"https:\/\/stanislavblaha.cz\/wp-json\/wp\/v2\/posts\/2207\/revisions\/2484"}],"wp:featuredmedia":[{"embeddable":true,"href":"https:\/\/stanislavblaha.cz\/wp-json\/wp\/v2\/media\/2362"}],"wp:attachment":[{"href":"https:\/\/stanislavblaha.cz\/wp-json\/wp\/v2\/media?parent=2207"}],"wp:term":[{"taxonomy":"category","embeddable":true,"href":"https:\/\/stanislavblaha.cz\/wp-json\/wp\/v2\/categories?post=2207"},{"taxonomy":"post_tag","embeddable":true,"href":"https:\/\/stanislavblaha.cz\/wp-json\/wp\/v2\/tags?post=2207"}],"curies":[{"name":"wp","href":"https:\/\/api.w.org\/{rel}","templated":true}]}},{"id":2205,"date":"2022-06-30T11:05:00","date_gmt":"2022-06-30T09:05:00","guid":{"rendered":"https:\/\/stanislavblaha.cz\/?p=2205"},"modified":"2023-04-05T09:55:15","modified_gmt":"2023-04-05T07:55:15","slug":"s-cestmirem-mazlem-alias-petrem-rychlym","status":"publish","type":"post","link":"https:\/\/stanislavblaha.cz\/2022\/06\/30\/s-cestmirem-mazlem-alias-petrem-rychlym\/","title":{"rendered":"S \u010cestm\u00edrem M\u00e1zlem alias Petrem Rychl\u00fdm"},"content":{"rendered":"\n<p>Poznali byste v tomto Krakono\u0161ovi nejpopul\u00e1rn\u011bj\u0161\u00edho \u010desk\u00e9ho gynekologa \u010cestm\u00edra M\u00e1zla? <img decoding=\"async\" loading=\"lazy\" width=\"16\" height=\"16\" src=\"https:\/\/lh4.googleusercontent.com\/xswJFAtdhwWCzxk3sLt6ReWBvV5y6sZAJILUDCToSuVCFIihnlnPKWcEJfhDOoMDc-rplDM8zVkfjBT740qZTGNINwq3ema931JVaYlGwzEjMc4Al0k1RTHaq1-5YPG-lKTkEx5_\" alt=\"\ud83d\ude00\"><\/p>\n\n\n\n<p>A kdy\u017e Petr Rychl\u00fd promluv\u00ed, \u010dlov\u011bku se vybav\u00ed i nezam\u011bniteln\u00fd hlas, kter\u00fdm promlouval nadabovan\u00fd Joey v seri\u00e1lu P\u0159\u00e1tel\u00e9. A n\u00e1m pam\u011btn\u00edk\u016fm i po\u0159ad Nato\u010dto! <img decoding=\"async\" loading=\"lazy\" width=\"16\" height=\"16\" src=\"https:\/\/lh4.googleusercontent.com\/U4aTHOnn4nBc5KUb0YeBZuQUVCQT2fux0sDG4y9CBEyqaYRd9BP17CcroMLEV8MSQ53WBCsjYm8Oyt2v4wAi4o6CvUF3_UQ0NDoHy9GgXA4xBVyBbjI1HugENQlsqEnaVek4FaC-\" alt=\"\ud83d\udcfa\"><\/p>\n\n\n\n<p>Tak v\u00e1m p\u0159eji pohodov\u00fd \u010dtvrtek a d\u011btem kr\u00e1sn\u00fd za\u010d\u00e1tek pr\u00e1zdnin!<\/p>\n","protected":false},"excerpt":{"rendered":"<p>Poznali byste v tomto Krakono\u0161ovi nejpopul\u00e1rn\u011bj\u0161\u00edho \u010desk\u00e9ho gynekologa \u010cestm\u00edra M\u00e1zla? A kdy\u017e Petr Rychl\u00fd promluv\u00ed, \u010dlov\u011bku se vybav\u00ed i nezam\u011bniteln\u00fd hlas, kter\u00fdm promlouval nadabovan\u00fd Joey v seri\u00e1lu P\u0159\u00e1tel\u00e9. A n\u00e1m pam\u011btn\u00edk\u016fm i po\u0159ad Nato\u010dto! Tak v\u00e1m p\u0159eji pohodov\u00fd \u010dtvrtek a d\u011btem kr\u00e1sn\u00fd za\u010d\u00e1tek pr\u00e1zdnin!<\/p>\n","protected":false},"author":4,"featured_media":2365,"comment_status":"closed","ping_status":"closed","sticky":false,"template":"","format":"standard","meta":[],"categories":[8],"tags":[],"_links":{"self":[{"href":"https:\/\/stanislavblaha.cz\/wp-json\/wp\/v2\/posts\/2205"}],"collection":[{"href":"https:\/\/stanislavblaha.cz\/wp-json\/wp\/v2\/posts"}],"about":[{"href":"https:\/\/stanislavblaha.cz\/wp-json\/wp\/v2\/types\/post"}],"author":[{"embeddable":true,"href":"https:\/\/stanislavblaha.cz\/wp-json\/wp\/v2\/users\/4"}],"replies":[{"embeddable":true,"href":"https:\/\/stanislavblaha.cz\/wp-json\/wp\/v2\/comments?post=2205"}],"version-history":[{"count":1,"href":"https:\/\/stanislavblaha.cz\/wp-json\/wp\/v2\/posts\/2205\/revisions"}],"predecessor-version":[{"id":2206,"href":"https:\/\/stanislavblaha.cz\/wp-json\/wp\/v2\/posts\/2205\/revisions\/2206"}],"wp:featuredmedia":[{"embeddable":true,"href":"https:\/\/stanislavblaha.cz\/wp-json\/wp\/v2\/media\/2365"}],"wp:attachment":[{"href":"https:\/\/stanislavblaha.cz\/wp-json\/wp\/v2\/media?parent=2205"}],"wp:term":[{"taxonomy":"category","embeddable":true,"href":"https:\/\/stanislavblaha.cz\/wp-json\/wp\/v2\/categories?post=2205"},{"taxonomy":"post_tag","embeddable":true,"href":"https:\/\/stanislavblaha.cz\/wp-json\/wp\/v2\/tags?post=2205"}],"curies":[{"name":"wp","href":"https:\/\/api.w.org\/{rel}","templated":true}]}},{"id":2203,"date":"2022-06-28T13:04:00","date_gmt":"2022-06-28T11:04:00","guid":{"rendered":"https:\/\/stanislavblaha.cz\/?p=2203"},"modified":"2023-04-05T09:57:17","modified_gmt":"2023-04-05T07:57:17","slug":"mezi-vami-v-jarosove","status":"publish","type":"post","link":"https:\/\/stanislavblaha.cz\/2022\/06\/28\/mezi-vami-v-jarosove\/","title":{"rendered":"Mezi v\u00e1mi, v Jaro\u0161ov\u011b"},"content":{"rendered":"\n<p>Na\u0161e p\u0159edposledn\u00ed zast\u00e1vka &#8211; Jaro\u0161ov!&nbsp; D\u011bkuju, \u017ee jste si ud\u011blali \u010das a p\u0159i\u0161li. Pro ty, co nem\u011bli prostor dorazit, p\u0159id\u00e1v\u00e1m u\u017e tradi\u010dn\u011b kr\u00e1tk\u00e9 shrnut\u00ed spole\u010dn\u00e9 debaty:<\/p>\n\n\n\n<p><img decoding=\"async\" loading=\"lazy\" width=\"16\" height=\"16\" src=\"https:\/\/lh6.googleusercontent.com\/lYIRrteD8iNWlPlloh4QffC5Ten5CmKYUrcLo3h7z6BvUAbvqbV_v93G0lFGJ_vHILHZNC69NnqDyVopu7m7WcH_zytP0rnYAbFqeShMbSx-xp3uj9HUSjCnwdpEwvxvQuCWkD_P\" alt=\"\u2705\"> V Jaro\u0161ov\u011b m\u00e1m radost z toho, \u017ee se poda\u0159il dokon\u010dit projekt, kdy jsme mezi pole sadili ovocn\u00e9 i neplod\u00edc\u00ed stromy, ke\u0159e a tr\u00e1vn\u00edky. Obnovujeme tak m\u00edsta, ve kter\u00fdch maj\u00ed \u00fakryt zv\u00ed\u0159ata, dr\u017e\u00ed se v nich i hmyz a taky l\u00e9pe zachyt\u00e1vaj\u00ed vodu. Nov\u00e1 stromov\u00e1 alej vyrostla v Jakt\u00e1\u0159\u00edch. Opravili jsme k\u0159\u00ed\u017e pobl\u00ed\u017e kaple na Rochusu. A novou faz\u00f3nu dostalo i d\u011btsk\u00e9 h\u0159i\u0161t\u011b Na n\u00e1vsi.<\/p>\n\n\n\n<p><img decoding=\"async\" loading=\"lazy\" width=\"16\" height=\"16\" src=\"https:\/\/lh5.googleusercontent.com\/7vPFYjauqmqmgko8zXMTjmSNaeoQMJ1rMaWLkHfQhjC2UCNlsov0fV5uioN3iK9NGKAafEFIy1S7w-Oh1ul_ZxWSvMTmeknZ1qsXBgbYfAfbvVzf7QQO3RVPtyrHIM1PLwF3GVRE\" alt=\"\ud83d\udd35\"> A co chyst\u00e1me? T\u0159eba rekonstrukci ulice Za Humny. Pracujeme na projektov\u00e9 dokumentaci, ve kter\u00e9 jsme zohlednili i va\u0161e p\u0159\u00e1n\u00ed zachovat st\u00e1vaj\u00edc\u00ed polohu k\u0159\u00ed\u017ee uprost\u0159ed k\u0159i\u017eovatky ulic P\u0159ed Branou a Za Humny. Zm\u011bny \u010dekaj\u00ed i ulici Na Sv\u00e1rov\u011b, kde budeme rekonstruovat cestu, chodn\u00edky, ve\u0159ejn\u00e9 osv\u011btlen\u00ed, ale i odvodn\u011bn\u00ed a kanalizaci. A co ur\u010dit\u011b pot\u011b\u0161\u00ed rodi\u010de &#8211; U \u0158eky vyroste nov\u00e9 d\u011btsk\u00e9 h\u0159i\u0161t\u011b.<\/p>\n\n\n\n<figure class=\"is-layout-flex wp-block-gallery-5 wp-block-gallery has-nested-images columns-default is-cropped\">\n<figure class=\"wp-block-image size-large\"><img decoding=\"async\" loading=\"lazy\" width=\"1024\" height=\"683\" data-id=\"2335\"  src=\"https:\/\/stanislavblaha.cz\/wp-content\/uploads\/2023\/03\/Jarosov2-1024x683.jpeg\" alt=\"\" class=\"wp-image-2335\" srcset=\"https:\/\/stanislavblaha.cz\/wp-content\/uploads\/2023\/03\/Jarosov2-1024x683.jpeg 1024w, https:\/\/stanislavblaha.cz\/wp-content\/uploads\/2023\/03\/Jarosov2-300x200.jpeg 300w, https:\/\/stanislavblaha.cz\/wp-content\/uploads\/2023\/03\/Jarosov2-768x512.jpeg 768w, https:\/\/stanislavblaha.cz\/wp-content\/uploads\/2023\/03\/Jarosov2-1536x1024.jpeg 1536w, https:\/\/stanislavblaha.cz\/wp-content\/uploads\/2023\/03\/Jarosov2.jpeg 2048w\" sizes=\"(max-width: 1024px) 100vw, 1024px\" \/><\/figure>\n\n\n\n<figure class=\"wp-block-image size-large\"><img decoding=\"async\" loading=\"lazy\" width=\"1024\" height=\"683\" data-id=\"2336\"  src=\"https:\/\/stanislavblaha.cz\/wp-content\/uploads\/2023\/03\/Jarosov3-1024x683.jpeg\" alt=\"\" class=\"wp-image-2336\" srcset=\"https:\/\/stanislavblaha.cz\/wp-content\/uploads\/2023\/03\/Jarosov3-1024x683.jpeg 1024w, https:\/\/stanislavblaha.cz\/wp-content\/uploads\/2023\/03\/Jarosov3-300x200.jpeg 300w, https:\/\/stanislavblaha.cz\/wp-content\/uploads\/2023\/03\/Jarosov3-768x512.jpeg 768w, https:\/\/stanislavblaha.cz\/wp-content\/uploads\/2023\/03\/Jarosov3-1536x1024.jpeg 1536w, https:\/\/stanislavblaha.cz\/wp-content\/uploads\/2023\/03\/Jarosov3.jpeg 2048w\" sizes=\"(max-width: 1024px) 100vw, 1024px\" \/><\/figure>\n<\/figure>\n","protected":false},"excerpt":{"rendered":"<p>Na\u0161e p\u0159edposledn\u00ed zast\u00e1vka &#8211; Jaro\u0161ov!&nbsp; D\u011bkuju, \u017ee jste si ud\u011blali \u010das a p\u0159i\u0161li. Pro ty, co nem\u011bli prostor dorazit, p\u0159id\u00e1v\u00e1m u\u017e tradi\u010dn\u011b kr\u00e1tk\u00e9 shrnut\u00ed spole\u010dn\u00e9 debaty: V Jaro\u0161ov\u011b m\u00e1m radost z toho, \u017ee se poda\u0159il dokon\u010dit projekt, kdy jsme mezi pole sadili ovocn\u00e9 i neplod\u00edc\u00ed stromy, ke\u0159e a tr\u00e1vn\u00edky. Obnovujeme&#8230;<\/p>\n","protected":false},"author":4,"featured_media":2334,"comment_status":"closed","ping_status":"closed","sticky":false,"template":"","format":"standard","meta":[],"categories":[8],"tags":[],"_links":{"self":[{"href":"https:\/\/stanislavblaha.cz\/wp-json\/wp\/v2\/posts\/2203"}],"collection":[{"href":"https:\/\/stanislavblaha.cz\/wp-json\/wp\/v2\/posts"}],"about":[{"href":"https:\/\/stanislavblaha.cz\/wp-json\/wp\/v2\/types\/post"}],"author":[{"embeddable":true,"href":"https:\/\/stanislavblaha.cz\/wp-json\/wp\/v2\/users\/4"}],"replies":[{"embeddable":true,"href":"https:\/\/stanislavblaha.cz\/wp-json\/wp\/v2\/comments?post=2203"}],"version-history":[{"count":3,"href":"https:\/\/stanislavblaha.cz\/wp-json\/wp\/v2\/posts\/2203\/revisions"}],"predecessor-version":[{"id":2486,"href":"https:\/\/stanislavblaha.cz\/wp-json\/wp\/v2\/posts\/2203\/revisions\/2486"}],"wp:featuredmedia":[{"embeddable":true,"href":"https:\/\/stanislavblaha.cz\/wp-json\/wp\/v2\/media\/2334"}],"wp:attachment":[{"href":"https:\/\/stanislavblaha.cz\/wp-json\/wp\/v2\/media?parent=2203"}],"wp:term":[{"taxonomy":"category","embeddable":true,"href":"https:\/\/stanislavblaha.cz\/wp-json\/wp\/v2\/categories?post=2203"},{"taxonomy":"post_tag","embeddable":true,"href":"https:\/\/stanislavblaha.cz\/wp-json\/wp\/v2\/tags?post=2203"}],"curies":[{"name":"wp","href":"https:\/\/api.w.org\/{rel}","templated":true}]}},{"id":2201,"date":"2022-06-27T13:02:00","date_gmt":"2022-06-27T11:02:00","guid":{"rendered":"https:\/\/stanislavblaha.cz\/?p=2201"},"modified":"2023-04-05T12:59:25","modified_gmt":"2023-04-05T10:59:25","slug":"hriste-v-novem-na-vychode-a-ve-stepnicich","status":"publish","type":"post","link":"https:\/\/stanislavblaha.cz\/2022\/06\/27\/hriste-v-novem-na-vychode-a-ve-stepnicich\/","title":{"rendered":"H\u0159i\u0161t\u011b v nov\u00e9m na V\u00fdchod\u011b a ve \u0160t\u011bpnic\u00edch"},"content":{"rendered":"\n<p>Skv\u011bl\u00e9 zpr\u00e1vy pro V\u00fdchod a \u0160t\u011bpnice! <img decoding=\"async\" loading=\"lazy\" width=\"16\" height=\"16\" src=\"https:\/\/lh3.googleusercontent.com\/fP3fuVYddf373kC5z1RwyrDs-YMa_AJabor0VtRz9MgsIXntuZtyZ-Xh7KTJ6pb-fYa05fRggg4UlJI4_HbO8Wv2avJyV1tSDIiPG6XrMzgyTNgI2fz6pe0TvVZpL6SDgTrz7N7I\" alt=\"\u2705\"><\/p>\n\n\n\n<p>Na V\u00fdchod\u011b oprav\u00edme d\u011btsk\u00e9 h\u0159i\u0161t\u011b v ulici B. Buchlovana. Kompletn\u011b obnov\u00edme hrac\u00ed plochu, za\u0161l\u00e9 d\u0159ev\u011bn\u00e9 hern\u00ed prvky vym\u011bn\u00edme za nov\u00e9 z modern\u00edch a trvanliv\u00fdch materi\u00e1l\u016f. Chyst\u00e1me novou skluzavku, mini auto pro nejmen\u0161\u00ed z\u00e1vodn\u00edky, houpac\u00ed centrum nebo kyvadlo mezi dv\u011bma v\u011b\u017eemi. <img decoding=\"async\" loading=\"lazy\" width=\"16\" height=\"16\" src=\"https:\/\/lh5.googleusercontent.com\/8oeC8xjB2UhfZRVupal9HoEzAxabELD8i9ekks-xw_Anh3NaJAHduY6vaFKzqICN988dHWzH7va0H12_NZ4FBss6bm6V0dwo7MQyOfBhLt-3pliCsRRBH1_FjEDF0yMBvR70-xZ4\" alt=\"\ud83d\ude2f\"><\/p>\n\n\n\n<p>Ve \u0160t\u011bpnic\u00edch n\u00e1s zase \u010dek\u00e1 oprava sportovn\u00edho pl\u00e1cku na Revolu\u010dn\u00ed. I tam to vezmeme p\u011bkn\u011b od podlahy \u2013 doslova: asfaltov\u00fd povrch nahrad\u00edme modern\u00edm sportovn\u00edm pry\u017eov\u00fdm povrchem, po kter\u00e9m je radost b\u011bhat. Zahrajete si tady fotbal i basket a aby se v\u00e1m tady sportovalo trochu p\u0159\u00edjemn\u011bji, cel\u00e9 h\u0159i\u0161t\u011b obsad\u00edme 8 nov\u00fdmi stromy. Tak\u017ee p\u0159\u00edjemn\u00fd st\u00ednek o p\u0159est\u00e1vk\u00e1ch zaru\u010den! <img decoding=\"async\" loading=\"lazy\" width=\"16\" height=\"16\" src=\"https:\/\/lh3.googleusercontent.com\/62vjGiWoF-yAKtPQQoDwrmO-qW6n4TNx8pXxH51PXTTXVqscOzBxaumAnBrG7bnXo7fUFy3dLfHYp5kYPJGWhv0GfNwy6j3dyC1eJZ58JURCfHUDtMcwQsJmVgeirCXVu8p4y9Bj\" alt=\"\ud83d\ude0a\">Opravovat h\u0159i\u0161t\u011b v ulici B. Buchlovana za\u010dneme 18. \u010dervence a zhruba po 3 t\u00fddnech bychom m\u011bli m\u00edt hotovo. Sportovi\u0161t\u011b na Revolu\u010dn\u00ed u\u017e opravujeme a hotovo bychom m\u011bli m\u00edt 7. srpna.\u00a0<img decoding=\"async\" loading=\"lazy\" width=\"16\" height=\"16\" src=\"https:\/\/lh6.googleusercontent.com\/gWePgsC6x_I4luRnEbgcWJsMNCVOoF0hFP_4EP-bJx5FitPFB1At81N-BupMfWE6EMxy8gRCJ9tcAoulYrTt5jmpImkzLNnjgLsY_xQO_--uOWjMg8RCnemNNtxQxGib_G-xx2N5\" alt=\"\ud83d\uddd3\ufe0f\"><\/p>\n\n\n\n<figure class=\"wp-block-image size-large\"><img decoding=\"async\" loading=\"lazy\" width=\"1024\" height=\"574\" src=\"https:\/\/stanislavblaha.cz\/wp-content\/uploads\/2023\/03\/VychodStepnice2-1024x574.jpeg\" alt=\"\" class=\"wp-image-2370\" srcset=\"https:\/\/stanislavblaha.cz\/wp-content\/uploads\/2023\/03\/VychodStepnice2-1024x574.jpeg 1024w, https:\/\/stanislavblaha.cz\/wp-content\/uploads\/2023\/03\/VychodStepnice2-300x168.jpeg 300w, https:\/\/stanislavblaha.cz\/wp-content\/uploads\/2023\/03\/VychodStepnice2-768x430.jpeg 768w, https:\/\/stanislavblaha.cz\/wp-content\/uploads\/2023\/03\/VychodStepnice2-1536x861.jpeg 1536w, https:\/\/stanislavblaha.cz\/wp-content\/uploads\/2023\/03\/VychodStepnice2.jpeg 1672w\" sizes=\"(max-width: 1024px) 100vw, 1024px\" \/><\/figure>\n","protected":false},"excerpt":{"rendered":"<p>Skv\u011bl\u00e9 zpr\u00e1vy pro V\u00fdchod a \u0160t\u011bpnice! Na V\u00fdchod\u011b oprav\u00edme d\u011btsk\u00e9 h\u0159i\u0161t\u011b v ulici B. Buchlovana. Kompletn\u011b obnov\u00edme hrac\u00ed plochu, za\u0161l\u00e9 d\u0159ev\u011bn\u00e9 hern\u00ed prvky vym\u011bn\u00edme za nov\u00e9 z modern\u00edch a trvanliv\u00fdch materi\u00e1l\u016f. Chyst\u00e1me novou skluzavku, mini auto pro nejmen\u0161\u00ed z\u00e1vodn\u00edky, houpac\u00ed centrum nebo kyvadlo mezi dv\u011bma v\u011b\u017eemi. Ve \u0160t\u011bpnic\u00edch n\u00e1s zase&#8230;<\/p>\n","protected":false},"author":4,"featured_media":2369,"comment_status":"closed","ping_status":"closed","sticky":false,"template":"","format":"standard","meta":[],"categories":[8],"tags":[],"_links":{"self":[{"href":"https:\/\/stanislavblaha.cz\/wp-json\/wp\/v2\/posts\/2201"}],"collection":[{"href":"https:\/\/stanislavblaha.cz\/wp-json\/wp\/v2\/posts"}],"about":[{"href":"https:\/\/stanislavblaha.cz\/wp-json\/wp\/v2\/types\/post"}],"author":[{"embeddable":true,"href":"https:\/\/stanislavblaha.cz\/wp-json\/wp\/v2\/users\/4"}],"replies":[{"embeddable":true,"href":"https:\/\/stanislavblaha.cz\/wp-json\/wp\/v2\/comments?post=2201"}],"version-history":[{"count":3,"href":"https:\/\/stanislavblaha.cz\/wp-json\/wp\/v2\/posts\/2201\/revisions"}],"predecessor-version":[{"id":2488,"href":"https:\/\/stanislavblaha.cz\/wp-json\/wp\/v2\/posts\/2201\/revisions\/2488"}],"wp:featuredmedia":[{"embeddable":true,"href":"https:\/\/stanislavblaha.cz\/wp-json\/wp\/v2\/media\/2369"}],"wp:attachment":[{"href":"https:\/\/stanislavblaha.cz\/wp-json\/wp\/v2\/media?parent=2201"}],"wp:term":[{"taxonomy":"category","embeddable":true,"href":"https:\/\/stanislavblaha.cz\/wp-json\/wp\/v2\/categories?post=2201"},{"taxonomy":"post_tag","embeddable":true,"href":"https:\/\/stanislavblaha.cz\/wp-json\/wp\/v2\/tags?post=2201"}],"curies":[{"name":"wp","href":"https:\/\/api.w.org\/{rel}","templated":true}]}},{"id":2195,"date":"2022-06-26T20:59:00","date_gmt":"2022-06-26T18:59:00","guid":{"rendered":"https:\/\/stanislavblaha.cz\/?p=2195"},"modified":"2023-04-05T13:01:37","modified_gmt":"2023-04-05T11:01:37","slug":"mezi-vami-v-mikovicich","status":"publish","type":"post","link":"https:\/\/stanislavblaha.cz\/2022\/06\/26\/mezi-vami-v-mikovicich\/","title":{"rendered":"Mezi v\u00e1mi, v M\u00edkovic\u00edch"},"content":{"rendered":"\n<p>Tento t\u00fdden jsme p\u0159ijeli na setk\u00e1n\u00ed do M\u00edkovic. D\u011bkuji, \u017ee jste p\u0159i\u0161li, ptali se a zapojili. Co jsme taky \u0159e\u0161ili<\/p>\n\n\n\n<p><img decoding=\"async\" loading=\"lazy\" width=\"16\" height=\"16\" src=\"https:\/\/lh3.googleusercontent.com\/YS_vDNFFtpWoE-CIh9B8Y-xLkNdd_aOh6_nF4OBEdbHPoLp6l8kwFeWmiTYsM8kTNGnPdp2V59Z7GW9OJGXxgEzAd1g29VaozgrLuwJ8frPvK3wNUvw1sQjamazsoqQAAv9lAA_-\" alt=\"\u2705\"> Kulturn\u00ed d\u016fm dostal nov\u00fd kab\u00e1t. V posledn\u00edch m\u011bs\u00edc\u00edch jsme opravovali sv\u011btla, elektroinstalaci, soci\u00e1ln\u00ed z\u00e1zem\u00ed i olejovali parkety. U p\u0159ehrady jsme zmodernizovali d\u011btsk\u00e9 h\u0159i\u0161t\u011b a doplnili workout pro dosp\u011bl\u00e9. A taky jsme opravovali chodn\u00edky i cel\u00e9 ulice.<\/p>\n\n\n\n<p><img decoding=\"async\" loading=\"lazy\" width=\"16\" height=\"16\" src=\"https:\/\/lh3.googleusercontent.com\/xLz-YUeTBPjy8aPX4hIMIA1fod5bAS_CXbgc3Yj0fY7N7xGdW88gfHSv6q3ckqPxXiF0eThPR7qT06FiyP8G1Akll734JyNTSKaWHZ0dJN0BzqeKGQNpONVc4FwGlVbBXV0SJYAS\" alt=\"\ud83d\udd35\"> V z\u00e1\u0159\u00ed, a\u017e skon\u010d\u00ed hody, se pust\u00edme do opravy kanalizace na Hlavn\u00ed ulici. Budeme tady p\u0159epojovat hned 10 kanaliza\u010dn\u00edch p\u0159\u00edpojek. Opravy se do\u010dk\u00e1 i k\u0159\u00ed\u017e na h\u0159bitov\u011b, chyst\u00e1 se na n\u011bj profesion\u00e1ln\u00ed restaur\u00e1tor Tom\u00e1\u0161 Martin\u00e1k. A upravovat budeme i fungov\u00e1n\u00ed semafor\u016f, aby se p\u0159i pr\u016fjezdu Kunovicemi \u2013 Hradi\u0161t\u011bm \u2013 Star\u00fdm M\u011bstem \u010das str\u00e1ven\u00fd na cest\u011b co nejv\u00edc zkr\u00e1til.<\/p>\n\n\n\n<figure class=\"is-layout-flex wp-block-gallery-7 wp-block-gallery has-nested-images columns-default is-cropped\">\n<figure class=\"wp-block-image size-large\"><img decoding=\"async\" loading=\"lazy\" width=\"1024\" height=\"683\" data-id=\"2347\"  src=\"https:\/\/stanislavblaha.cz\/wp-content\/uploads\/2023\/03\/Mikovice1-1024x683.jpeg\" alt=\"\" class=\"wp-image-2347\" srcset=\"https:\/\/stanislavblaha.cz\/wp-content\/uploads\/2023\/03\/Mikovice1-1024x683.jpeg 1024w, https:\/\/stanislavblaha.cz\/wp-content\/uploads\/2023\/03\/Mikovice1-300x200.jpeg 300w, https:\/\/stanislavblaha.cz\/wp-content\/uploads\/2023\/03\/Mikovice1-768x512.jpeg 768w, https:\/\/stanislavblaha.cz\/wp-content\/uploads\/2023\/03\/Mikovice1-1536x1024.jpeg 1536w, https:\/\/stanislavblaha.cz\/wp-content\/uploads\/2023\/03\/Mikovice1.jpeg 2048w\" sizes=\"(max-width: 1024px) 100vw, 1024px\" \/><\/figure>\n\n\n\n<figure class=\"wp-block-image size-large\"><img decoding=\"async\" loading=\"lazy\" width=\"1024\" height=\"683\" data-id=\"2348\"  src=\"https:\/\/stanislavblaha.cz\/wp-content\/uploads\/2023\/03\/Mikovice2-1024x683.jpeg\" alt=\"\" class=\"wp-image-2348\" srcset=\"https:\/\/stanislavblaha.cz\/wp-content\/uploads\/2023\/03\/Mikovice2-1024x683.jpeg 1024w, https:\/\/stanislavblaha.cz\/wp-content\/uploads\/2023\/03\/Mikovice2-300x200.jpeg 300w, https:\/\/stanislavblaha.cz\/wp-content\/uploads\/2023\/03\/Mikovice2-768x512.jpeg 768w, https:\/\/stanislavblaha.cz\/wp-content\/uploads\/2023\/03\/Mikovice2-1536x1024.jpeg 1536w, https:\/\/stanislavblaha.cz\/wp-content\/uploads\/2023\/03\/Mikovice2.jpeg 2048w\" sizes=\"(max-width: 1024px) 100vw, 1024px\" \/><\/figure>\n\n\n\n<figure class=\"wp-block-image size-large\"><img decoding=\"async\" loading=\"lazy\" width=\"1024\" height=\"683\" data-id=\"2350\"  src=\"https:\/\/stanislavblaha.cz\/wp-content\/uploads\/2023\/03\/Mikovice4-1024x683.jpeg\" alt=\"\" class=\"wp-image-2350\" srcset=\"https:\/\/stanislavblaha.cz\/wp-content\/uploads\/2023\/03\/Mikovice4-1024x683.jpeg 1024w, https:\/\/stanislavblaha.cz\/wp-content\/uploads\/2023\/03\/Mikovice4-300x200.jpeg 300w, https:\/\/stanislavblaha.cz\/wp-content\/uploads\/2023\/03\/Mikovice4-768x512.jpeg 768w, https:\/\/stanislavblaha.cz\/wp-content\/uploads\/2023\/03\/Mikovice4-1536x1024.jpeg 1536w, https:\/\/stanislavblaha.cz\/wp-content\/uploads\/2023\/03\/Mikovice4.jpeg 2048w\" sizes=\"(max-width: 1024px) 100vw, 1024px\" \/><\/figure>\n<\/figure>\n","protected":false},"excerpt":{"rendered":"<p>Tento t\u00fdden jsme p\u0159ijeli na setk\u00e1n\u00ed do M\u00edkovic. D\u011bkuji, \u017ee jste p\u0159i\u0161li, ptali se a zapojili. Co jsme taky \u0159e\u0161ili Kulturn\u00ed d\u016fm dostal nov\u00fd kab\u00e1t. V posledn\u00edch m\u011bs\u00edc\u00edch jsme opravovali sv\u011btla, elektroinstalaci, soci\u00e1ln\u00ed z\u00e1zem\u00ed i olejovali parkety. U p\u0159ehrady jsme zmodernizovali d\u011btsk\u00e9 h\u0159i\u0161t\u011b a doplnili workout pro dosp\u011bl\u00e9. A taky&#8230;<\/p>\n","protected":false},"author":4,"featured_media":2349,"comment_status":"closed","ping_status":"closed","sticky":false,"template":"","format":"standard","meta":[],"categories":[8],"tags":[],"_links":{"self":[{"href":"https:\/\/stanislavblaha.cz\/wp-json\/wp\/v2\/posts\/2195"}],"collection":[{"href":"https:\/\/stanislavblaha.cz\/wp-json\/wp\/v2\/posts"}],"about":[{"href":"https:\/\/stanislavblaha.cz\/wp-json\/wp\/v2\/types\/post"}],"author":[{"embeddable":true,"href":"https:\/\/stanislavblaha.cz\/wp-json\/wp\/v2\/users\/4"}],"replies":[{"embeddable":true,"href":"https:\/\/stanislavblaha.cz\/wp-json\/wp\/v2\/comments?post=2195"}],"version-history":[{"count":6,"href":"https:\/\/stanislavblaha.cz\/wp-json\/wp\/v2\/posts\/2195\/revisions"}],"predecessor-version":[{"id":2490,"href":"https:\/\/stanislavblaha.cz\/wp-json\/wp\/v2\/posts\/2195\/revisions\/2490"}],"wp:featuredmedia":[{"embeddable":true,"href":"https:\/\/stanislavblaha.cz\/wp-json\/wp\/v2\/media\/2349"}],"wp:attachment":[{"href":"https:\/\/stanislavblaha.cz\/wp-json\/wp\/v2\/media?parent=2195"}],"wp:term":[{"taxonomy":"category","embeddable":true,"href":"https:\/\/stanislavblaha.cz\/wp-json\/wp\/v2\/categories?post=2195"},{"taxonomy":"post_tag","embeddable":true,"href":"https:\/\/stanislavblaha.cz\/wp-json\/wp\/v2\/tags?post=2195"}],"curies":[{"name":"wp","href":"https:\/\/api.w.org\/{rel}","templated":true}]}}]